{"id":2993,"date":"2024-01-30T15:13:01","date_gmt":"2024-01-30T14:13:01","guid":{"rendered":"https:\/\/pfadiwangen.ch\/wordpress\/?p=2993"},"modified":"2024-01-30T15:13:01","modified_gmt":"2024-01-30T14:13:01","slug":"wald-weihnachten-2023","status":"publish","type":"post","link":"https:\/\/pfadiwangen.ch\/wordpress\/2024\/wald-weihnachten-2023\/","title":{"rendered":"Wald-Weihnachten 2023"},"content":{"rendered":"<p>Auch im 2023 schliesst die Pfadi St. Gallus Wangen bei Olten ihr Pfadi-Jahr mit den Waldweihnachten ab.<\/p>\n<h3><a href=\"https:\/\/pfadiwangen.ch\/wordpress\/wp-content\/uploads\/2024\/01\/Waldeihnachten-2023.jpg\"><img loading=\"lazy\" decoding=\"async\" class=\"alignleft size-medium wp-image-2991\" src=\"https:\/\/pfadiwangen.ch\/wordpress\/wp-content\/uploads\/2024\/01\/Waldeihnachten-2023-225x300.jpg\" alt=\"\" width=\"225\" height=\"300\" srcset=\"https:\/\/pfadiwangen.ch\/wordpress\/wp-content\/uploads\/2024\/01\/Waldeihnachten-2023-225x300.jpg 225w, https:\/\/pfadiwangen.ch\/wordpress\/wp-content\/uploads\/2024\/01\/Waldeihnachten-2023-768x1024.jpg 768w, https:\/\/pfadiwangen.ch\/wordpress\/wp-content\/uploads\/2024\/01\/Waldeihnachten-2023-1152x1536.jpg 1152w, https:\/\/pfadiwangen.ch\/wordpress\/wp-content\/uploads\/2024\/01\/Waldeihnachten-2023.jpg 1200w\" sizes=\"auto, (max-width: 225px) 100vw, 225px\" \/><\/a>Zusammen ist es doch am sch\u00f6nsten<\/h3>\n<p>Dieses Jahr durften wir \u00fcber 50 Anmeldungen z\u00e4hlen! So viele Pfadi-Freunde sind dem Weihnachtsmann zur Hilfe geeilt, da in seiner Elfenwerkstatt die Elfen streikten und das Weihnachtsfest zu scheitern drohte.<\/p>\n<p>Kurzerhand haben wir uns an die Arbeit gemacht und in der Werkstatt ordentlich mit angepackt damit der Weihnachtsbaum nicht so kahl dort stand.<\/p>\n<p>Wenig sp\u00e4ter haben wir einen wundersch\u00f6nen Weihnachtsbaum gezaubert und konnten gemeinsam den Abend bei einer heissen Suppe ausklingen lassen.<\/p>\n<p>Ein grosses M-E-R-C-I f\u00fcr dieses tolle Jahr!<\/p>\n","protected":false},"excerpt":{"rendered":"<p>Auch im 2023 schliesst die Pfadi St. Gallus Wangen bei Olten ihr Pfadi-Jahr mit den Waldweihnachten ab. Zusammen ist es doch am sch\u00f6nsten Dieses Jahr durften wir \u00fcber 50 Anmeldungen z\u00e4hlen! So viele Pfadi-Freunde sind dem Weihnachtsmann zur Hilfe geeilt, da in seiner Elfenwerkstatt die Elfen streikten und das Weihnachtsfest zu scheitern drohte. Kurzerhand haben&hellip;<\/p>\n","protected":false},"author":15,"featured_media":0,"comment_status":"closed","ping_status":"open","sticky":false,"template":"","format":"standard","meta":{"footnotes":""},"categories":[15,27,14],"tags":[],"class_list":["post-2993","post","type-post","status-publish","format-standard","hentry","category-anlaesse","category-pfadi","category-startseite"],"_links":{"self":[{"href":"https:\/\/pfadiwangen.ch\/wordpress\/wp-json\/wp\/v2\/posts\/2993","targetHints":{"allow":["GET"]}}],"collection":[{"href":"https:\/\/pfadiwangen.ch\/wordpress\/wp-json\/wp\/v2\/posts"}],"about":[{"href":"https:\/\/pfadiwangen.ch\/wordpress\/wp-json\/wp\/v2\/types\/post"}],"author":[{"embeddable":true,"href":"https:\/\/pfadiwangen.ch\/wordpress\/wp-json\/wp\/v2\/users\/15"}],"replies":[{"embeddable":true,"href":"https:\/\/pfadiwangen.ch\/wordpress\/wp-json\/wp\/v2\/comments?post=2993"}],"version-history":[{"count":1,"href":"https:\/\/pfadiwangen.ch\/wordpress\/wp-json\/wp\/v2\/posts\/2993\/revisions"}],"predecessor-version":[{"id":2994,"href":"https:\/\/pfadiwangen.ch\/wordpress\/wp-json\/wp\/v2\/posts\/2993\/revisions\/2994"}],"wp:attachment":[{"href":"https:\/\/pfadiwangen.ch\/wordpress\/wp-json\/wp\/v2\/media?parent=2993"}],"wp:term":[{"taxonomy":"category","embeddable":true,"href":"https:\/\/pfadiwangen.ch\/wordpress\/wp-json\/wp\/v2\/categories?post=2993"},{"taxonomy":"post_tag","embeddable":true,"href":"https:\/\/pfadiwangen.ch\/wordpress\/wp-json\/wp\/v2\/tags?post=2993"}],"curies":[{"name":"wp","href":"https:\/\/api.w.org\/{rel}","templated":true}]}}