{"id":1328,"date":"2019-03-14T15:48:11","date_gmt":"2019-03-14T14:48:11","guid":{"rendered":"http:\/\/pfadiwangen.ch\/wordpress\/?p=1328"},"modified":"2019-03-14T15:48:41","modified_gmt":"2019-03-14T14:48:41","slug":"pfaditag-2019","status":"publish","type":"post","link":"https:\/\/pfadiwangen.ch\/wordpress\/2019\/pfaditag-2019\/","title":{"rendered":"Pfaditag 2019"},"content":{"rendered":"<p>Hallo neue Biber, W\u00f6lfe und Pfader<\/p>\n<p>Am 23.3.2019 ist es wieder soweit und es d\u00fcrfen alle Kinder ab 4 Jahren (Kindergartenalter) uns besuchen und mitmachen!<\/p>\n<p>Kommt um 14.00 Uhr auf den Brunnerhofplatz (vis-\u00e0-vis von B\u00e4ckerei W\u00e4lchli) und lass dich von der Pfadiwelt begeistern.<\/p>\n<p>Vielleicht findet Ihr ein Huhn auf dem Weg \ud83d\ude42<\/p>\n<p>Um 14.00 Uhr findet ebenfalls eine Elterninformation statt. Die Aktivit\u00e4t endet um 16.30 Uhr.<\/p>\n<p>Viele Pfadigr\u00fcsse<\/p>\n<p>Das Leitungsteam Pfadi Wangen<\/p>\n","protected":false},"excerpt":{"rendered":"<p>Hallo neue Biber, W\u00f6lfe und Pfader Am 23.3.2019 ist es wieder soweit und es d\u00fcrfen alle Kinder ab 4 Jahren (Kindergartenalter) uns besuchen und mitmachen! Kommt um 14.00 Uhr auf den Brunnerhofplatz (vis-\u00e0-vis von B\u00e4ckerei W\u00e4lchli) und lass dich von der Pfadiwelt begeistern. Vielleicht findet Ihr ein Huhn auf dem Weg \ud83d\ude42 Um 14.00 Uhr&hellip;<\/p>\n","protected":false},"author":8,"featured_media":0,"comment_status":"closed","ping_status":"open","sticky":false,"template":"","format":"standard","meta":{"footnotes":""},"categories":[15,14,1],"tags":[],"class_list":["post-1328","post","type-post","status-publish","format-standard","hentry","category-anlaesse","category-startseite","category-uncategorized"],"_links":{"self":[{"href":"https:\/\/pfadiwangen.ch\/wordpress\/wp-json\/wp\/v2\/posts\/1328","targetHints":{"allow":["GET"]}}],"collection":[{"href":"https:\/\/pfadiwangen.ch\/wordpress\/wp-json\/wp\/v2\/posts"}],"about":[{"href":"https:\/\/pfadiwangen.ch\/wordpress\/wp-json\/wp\/v2\/types\/post"}],"author":[{"embeddable":true,"href":"https:\/\/pfadiwangen.ch\/wordpress\/wp-json\/wp\/v2\/users\/8"}],"replies":[{"embeddable":true,"href":"https:\/\/pfadiwangen.ch\/wordpress\/wp-json\/wp\/v2\/comments?post=1328"}],"version-history":[{"count":1,"href":"https:\/\/pfadiwangen.ch\/wordpress\/wp-json\/wp\/v2\/posts\/1328\/revisions"}],"predecessor-version":[{"id":1329,"href":"https:\/\/pfadiwangen.ch\/wordpress\/wp-json\/wp\/v2\/posts\/1328\/revisions\/1329"}],"wp:attachment":[{"href":"https:\/\/pfadiwangen.ch\/wordpress\/wp-json\/wp\/v2\/media?parent=1328"}],"wp:term":[{"taxonomy":"category","embeddable":true,"href":"https:\/\/pfadiwangen.ch\/wordpress\/wp-json\/wp\/v2\/categories?post=1328"},{"taxonomy":"post_tag","embeddable":true,"href":"https:\/\/pfadiwangen.ch\/wordpress\/wp-json\/wp\/v2\/tags?post=1328"}],"curies":[{"name":"wp","href":"https:\/\/api.w.org\/{rel}","templated":true}]}}